{"id":496,"date":"2010-10-01T10:41:54","date_gmt":"2010-10-01T08:41:54","guid":{"rendered":"http:\/\/miriamalbasini.es\/blog\/?p=496"},"modified":"2022-10-11T11:42:01","modified_gmt":"2022-10-11T09:42:01","slug":"jardinero","status":"publish","type":"post","link":"https:\/\/miriamalbasini.es\/blog\/jardinero\/","title":{"rendered":"Jardinero"},"content":{"rendered":"<p>Este abogado tiene como afici\u00f3n la jardiner\u00eda, su familia me encarg\u00f3 esta figura para regal\u00e1rsela en su cumplea\u00f1os.<div id='gallery-1' class='gallery galleryid-496 gallery-columns-3 gallery-size-thumbnail'><figure class='gallery-item'>\n\t\t\t<div class='gallery-icon landscape'>\n\t\t\t\t<a href='https:\/\/miriamalbasini.es\/blog\/wp-content\/uploads\/2010\/10\/jardinero1_2.jpg' rel=\"lightbox[496]\"><img loading=\"lazy\" decoding=\"async\" width=\"300\" height=\"300\" src=\"https:\/\/miriamalbasini.es\/blog\/wp-content\/uploads\/2010\/10\/jardinero1_2-300x300.jpg\" class=\"attachment-thumbnail size-thumbnail\" alt=\"\" srcset=\"https:\/\/miriamalbasini.es\/blog\/wp-content\/uploads\/2010\/10\/jardinero1_2-300x300.jpg 300w, https:\/\/miriamalbasini.es\/blog\/wp-content\/uploads\/2010\/10\/jardinero1_2-400x400.jpg 400w, https:\/\/miriamalbasini.es\/blog\/wp-content\/uploads\/2010\/10\/jardinero1_2-100x100.jpg 100w, https:\/\/miriamalbasini.es\/blog\/wp-content\/uploads\/2010\/10\/jardinero1_2-150x150.jpg 150w, https:\/\/miriamalbasini.es\/blog\/wp-content\/uploads\/2010\/10\/jardinero1_2.jpg 480w\" sizes=\"auto, (max-width: 300px) 100vw, 300px\" \/><\/a>\n\t\t\t<\/div><\/figure><figure class='gallery-item'>\n\t\t\t<div class='gallery-icon landscape'>\n\t\t\t\t<a href='https:\/\/miriamalbasini.es\/blog\/wp-content\/uploads\/2010\/10\/jardinero3.jpg' rel=\"lightbox[496]\"><img loading=\"lazy\" decoding=\"async\" width=\"300\" height=\"300\" src=\"https:\/\/miriamalbasini.es\/blog\/wp-content\/uploads\/2010\/10\/jardinero3-300x300.jpg\" class=\"attachment-thumbnail size-thumbnail\" alt=\"\" srcset=\"https:\/\/miriamalbasini.es\/blog\/wp-content\/uploads\/2010\/10\/jardinero3-300x300.jpg 300w, https:\/\/miriamalbasini.es\/blog\/wp-content\/uploads\/2010\/10\/jardinero3-400x400.jpg 400w, https:\/\/miriamalbasini.es\/blog\/wp-content\/uploads\/2010\/10\/jardinero3-100x100.jpg 100w, https:\/\/miriamalbasini.es\/blog\/wp-content\/uploads\/2010\/10\/jardinero3-150x150.jpg 150w, https:\/\/miriamalbasini.es\/blog\/wp-content\/uploads\/2010\/10\/jardinero3.jpg 480w\" sizes=\"auto, (max-width: 300px) 100vw, 300px\" \/><\/a>\n\t\t\t<\/div><\/figure><figure class='gallery-item'>\n\t\t\t<div class='gallery-icon landscape'>\n\t\t\t\t<a href='https:\/\/miriamalbasini.es\/blog\/wp-content\/uploads\/2010\/10\/jardinero2_2.jpg' rel=\"lightbox[496]\"><img loading=\"lazy\" decoding=\"async\" width=\"300\" height=\"300\" src=\"https:\/\/miriamalbasini.es\/blog\/wp-content\/uploads\/2010\/10\/jardinero2_2-300x300.jpg\" class=\"attachment-thumbnail size-thumbnail\" alt=\"\" srcset=\"https:\/\/miriamalbasini.es\/blog\/wp-content\/uploads\/2010\/10\/jardinero2_2-300x300.jpg 300w, https:\/\/miriamalbasini.es\/blog\/wp-content\/uploads\/2010\/10\/jardinero2_2-400x400.jpg 400w, https:\/\/miriamalbasini.es\/blog\/wp-content\/uploads\/2010\/10\/jardinero2_2-100x100.jpg 100w, https:\/\/miriamalbasini.es\/blog\/wp-content\/uploads\/2010\/10\/jardinero2_2-150x150.jpg 150w, https:\/\/miriamalbasini.es\/blog\/wp-content\/uploads\/2010\/10\/jardinero2_2.jpg 480w\" sizes=\"auto, (max-width: 300px) 100vw, 300px\" \/><\/a>\n\t\t\t<\/div><\/figure>\n\t\t<\/div>\n<\/p>\n","protected":false},"excerpt":{"rendered":"<p>Este abogado tiene como afici\u00f3n la jardiner\u00eda, su familia me encarg\u00f3 esta figura para regal\u00e1rsela en su cumplea\u00f1os.<\/p>\n","protected":false},"author":2,"featured_media":0,"comment_status":"closed","ping_status":"closed","sticky":false,"template":"","format":"standard","meta":{"jetpack_post_was_ever_published":false,"_jetpack_newsletter_access":"","_jetpack_dont_email_post_to_subs":false,"_jetpack_newsletter_tier_id":0,"_jetpack_memberships_contains_paywalled_content":false,"_jetpack_memberships_contains_paid_content":false,"footnotes":"","jetpack_publicize_message":"","jetpack_publicize_feature_enabled":true,"jetpack_social_post_already_shared":false,"jetpack_social_options":{"image_generator_settings":{"template":"highway","enabled":false},"version":2}},"categories":[4],"tags":[34,33,25,428],"class_list":["post-496","post","type-post","status-publish","format-standard","hentry","category-figuras-personalizadas","tag-figura-personalizada","tag-jardinero","tag-original","tag-regalo"],"jetpack_publicize_connections":[],"jetpack_featured_media_url":"","jetpack_shortlink":"https:\/\/wp.me\/p14Kb8-80","jetpack_sharing_enabled":true,"_links":{"self":[{"href":"https:\/\/miriamalbasini.es\/blog\/wp-json\/wp\/v2\/posts\/496","targetHints":{"allow":["GET"]}}],"collection":[{"href":"https:\/\/miriamalbasini.es\/blog\/wp-json\/wp\/v2\/posts"}],"about":[{"href":"https:\/\/miriamalbasini.es\/blog\/wp-json\/wp\/v2\/types\/post"}],"author":[{"embeddable":true,"href":"https:\/\/miriamalbasini.es\/blog\/wp-json\/wp\/v2\/users\/2"}],"replies":[{"embeddable":true,"href":"https:\/\/miriamalbasini.es\/blog\/wp-json\/wp\/v2\/comments?post=496"}],"version-history":[{"count":4,"href":"https:\/\/miriamalbasini.es\/blog\/wp-json\/wp\/v2\/posts\/496\/revisions"}],"predecessor-version":[{"id":2697,"href":"https:\/\/miriamalbasini.es\/blog\/wp-json\/wp\/v2\/posts\/496\/revisions\/2697"}],"wp:attachment":[{"href":"https:\/\/miriamalbasini.es\/blog\/wp-json\/wp\/v2\/media?parent=496"}],"wp:term":[{"taxonomy":"category","embeddable":true,"href":"https:\/\/miriamalbasini.es\/blog\/wp-json\/wp\/v2\/categories?post=496"},{"taxonomy":"post_tag","embeddable":true,"href":"https:\/\/miriamalbasini.es\/blog\/wp-json\/wp\/v2\/tags?post=496"}],"curies":[{"name":"wp","href":"https:\/\/api.w.org\/{rel}","templated":true}]}}