{"id":2001,"date":"2014-05-13T15:04:57","date_gmt":"2014-05-13T13:04:57","guid":{"rendered":"http:\/\/miriamalbasini.es\/blog\/?p=2001"},"modified":"2022-10-11T11:41:34","modified_gmt":"2022-10-11T09:41:34","slug":"cumpleanos-en-madrid","status":"publish","type":"post","link":"https:\/\/miriamalbasini.es\/blog\/cumpleanos-en-madrid\/","title":{"rendered":"Cumplea\u00f1os en Madrid"},"content":{"rendered":"<p>Este es un regalo que me encarg\u00f3 su madre quer\u00eda que llevase sus mascotas y la marca de zapatos que le gusta<\/p>\n<div id='gallery-1' class='gallery galleryid-2001 gallery-columns-3 gallery-size-thumbnail'><figure class='gallery-item'>\n\t\t\t<div class='gallery-icon landscape'>\n\t\t\t\t<a href='https:\/\/miriamalbasini.es\/blog\/wp-content\/uploads\/foto188.jpg' rel=\"lightbox[2001]\"><img loading=\"lazy\" decoding=\"async\" width=\"300\" height=\"300\" src=\"https:\/\/miriamalbasini.es\/blog\/wp-content\/uploads\/foto188-300x300.jpg\" class=\"attachment-thumbnail size-thumbnail\" alt=\"\" srcset=\"https:\/\/miriamalbasini.es\/blog\/wp-content\/uploads\/foto188-300x300.jpg 300w, https:\/\/miriamalbasini.es\/blog\/wp-content\/uploads\/foto188-400x400.jpg 400w, https:\/\/miriamalbasini.es\/blog\/wp-content\/uploads\/foto188-100x100.jpg 100w, https:\/\/miriamalbasini.es\/blog\/wp-content\/uploads\/foto188-150x150.jpg 150w, https:\/\/miriamalbasini.es\/blog\/wp-content\/uploads\/foto188.jpg 600w\" sizes=\"auto, (max-width: 300px) 100vw, 300px\" \/><\/a>\n\t\t\t<\/div><\/figure><figure class='gallery-item'>\n\t\t\t<div class='gallery-icon portrait'>\n\t\t\t\t<a href='https:\/\/miriamalbasini.es\/blog\/wp-content\/uploads\/foto289.jpg' rel=\"lightbox[2001]\"><img loading=\"lazy\" decoding=\"async\" width=\"300\" height=\"300\" src=\"https:\/\/miriamalbasini.es\/blog\/wp-content\/uploads\/foto289-300x300.jpg\" class=\"attachment-thumbnail size-thumbnail\" alt=\"\" srcset=\"https:\/\/miriamalbasini.es\/blog\/wp-content\/uploads\/foto289-300x300.jpg 300w, https:\/\/miriamalbasini.es\/blog\/wp-content\/uploads\/foto289-100x100.jpg 100w, https:\/\/miriamalbasini.es\/blog\/wp-content\/uploads\/foto289-150x150.jpg 150w\" sizes=\"auto, (max-width: 300px) 100vw, 300px\" \/><\/a>\n\t\t\t<\/div><\/figure><figure class='gallery-item'>\n\t\t\t<div class='gallery-icon landscape'>\n\t\t\t\t<a href='https:\/\/miriamalbasini.es\/blog\/wp-content\/uploads\/foto382.jpg' rel=\"lightbox[2001]\"><img loading=\"lazy\" decoding=\"async\" width=\"300\" height=\"300\" src=\"https:\/\/miriamalbasini.es\/blog\/wp-content\/uploads\/foto382-300x300.jpg\" class=\"attachment-thumbnail size-thumbnail\" alt=\"\" srcset=\"https:\/\/miriamalbasini.es\/blog\/wp-content\/uploads\/foto382-300x300.jpg 300w, https:\/\/miriamalbasini.es\/blog\/wp-content\/uploads\/foto382-400x400.jpg 400w, https:\/\/miriamalbasini.es\/blog\/wp-content\/uploads\/foto382-100x100.jpg 100w, https:\/\/miriamalbasini.es\/blog\/wp-content\/uploads\/foto382-150x150.jpg 150w, https:\/\/miriamalbasini.es\/blog\/wp-content\/uploads\/foto382.jpg 600w\" sizes=\"auto, (max-width: 300px) 100vw, 300px\" \/><\/a>\n\t\t\t<\/div><\/figure><figure class='gallery-item'>\n\t\t\t<div class='gallery-icon landscape'>\n\t\t\t\t<a href='https:\/\/miriamalbasini.es\/blog\/wp-content\/uploads\/foto463.jpg' rel=\"lightbox[2001]\"><img loading=\"lazy\" decoding=\"async\" width=\"300\" height=\"300\" src=\"https:\/\/miriamalbasini.es\/blog\/wp-content\/uploads\/foto463-300x300.jpg\" class=\"attachment-thumbnail size-thumbnail\" alt=\"\" srcset=\"https:\/\/miriamalbasini.es\/blog\/wp-content\/uploads\/foto463-300x300.jpg 300w, https:\/\/miriamalbasini.es\/blog\/wp-content\/uploads\/foto463-400x400.jpg 400w, https:\/\/miriamalbasini.es\/blog\/wp-content\/uploads\/foto463-100x100.jpg 100w, https:\/\/miriamalbasini.es\/blog\/wp-content\/uploads\/foto463-150x150.jpg 150w, https:\/\/miriamalbasini.es\/blog\/wp-content\/uploads\/foto463.jpg 600w\" sizes=\"auto, (max-width: 300px) 100vw, 300px\" \/><\/a>\n\t\t\t<\/div><\/figure>\n\t\t<\/div>\n\n","protected":false},"excerpt":{"rendered":"<p>Este es un regalo que me encarg\u00f3 su madre quer\u00eda que llevase sus mascotas y la marca de zapatos que le gusta<\/p>\n","protected":false},"author":2,"featured_media":0,"comment_status":"closed","ping_status":"closed","sticky":false,"template":"","format":"standard","meta":{"jetpack_post_was_ever_published":false,"_jetpack_newsletter_access":"","_jetpack_dont_email_post_to_subs":false,"_jetpack_newsletter_tier_id":0,"_jetpack_memberships_contains_paywalled_content":false,"_jetpack_memberships_contains_paid_content":false,"footnotes":"","jetpack_publicize_message":"","jetpack_publicize_feature_enabled":true,"jetpack_social_post_already_shared":true,"jetpack_social_options":{"image_generator_settings":{"template":"highway","enabled":false},"version":2}},"categories":[21,42,4,8,29,26],"tags":[431,53,100],"class_list":["post-2001","post","type-post","status-publish","format-standard","hentry","category-aniversarios","category-cumpleanos","category-figuras-personalizadas","category-mascotas","category-plastilina","category-regalo","tag-cumpleanos","tag-mascota","tag-nina"],"jetpack_publicize_connections":[],"jetpack_featured_media_url":"","jetpack_shortlink":"https:\/\/wp.me\/p14Kb8-wh","jetpack_sharing_enabled":true,"_links":{"self":[{"href":"https:\/\/miriamalbasini.es\/blog\/wp-json\/wp\/v2\/posts\/2001","targetHints":{"allow":["GET"]}}],"collection":[{"href":"https:\/\/miriamalbasini.es\/blog\/wp-json\/wp\/v2\/posts"}],"about":[{"href":"https:\/\/miriamalbasini.es\/blog\/wp-json\/wp\/v2\/types\/post"}],"author":[{"embeddable":true,"href":"https:\/\/miriamalbasini.es\/blog\/wp-json\/wp\/v2\/users\/2"}],"replies":[{"embeddable":true,"href":"https:\/\/miriamalbasini.es\/blog\/wp-json\/wp\/v2\/comments?post=2001"}],"version-history":[{"count":2,"href":"https:\/\/miriamalbasini.es\/blog\/wp-json\/wp\/v2\/posts\/2001\/revisions"}],"predecessor-version":[{"id":2647,"href":"https:\/\/miriamalbasini.es\/blog\/wp-json\/wp\/v2\/posts\/2001\/revisions\/2647"}],"wp:attachment":[{"href":"https:\/\/miriamalbasini.es\/blog\/wp-json\/wp\/v2\/media?parent=2001"}],"wp:term":[{"taxonomy":"category","embeddable":true,"href":"https:\/\/miriamalbasini.es\/blog\/wp-json\/wp\/v2\/categories?post=2001"},{"taxonomy":"post_tag","embeddable":true,"href":"https:\/\/miriamalbasini.es\/blog\/wp-json\/wp\/v2\/tags?post=2001"}],"curies":[{"name":"wp","href":"https:\/\/api.w.org\/{rel}","templated":true}]}}