{"id":1821,"date":"2013-10-01T11:51:39","date_gmt":"2013-10-01T09:51:39","guid":{"rendered":"http:\/\/miriamalbasini.es\/blog\/?p=1821"},"modified":"2022-10-11T11:41:35","modified_gmt":"2022-10-11T09:41:35","slug":"mamen-patica","status":"publish","type":"post","link":"https:\/\/miriamalbasini.es\/blog\/mamen-patica\/","title":{"rendered":"Mamen P\u00e1tica"},"content":{"rendered":"<p>Esta es una de las figuras que m\u00e1s me gusta, la he hecho para Mamen y desde el principio supe que no necestiaba rostro, se identifica tal y como est\u00e1. Es Mamen en su Espacio P\u00e1tico<\/p>\n<p><div id='gallery-1' class='gallery galleryid-1821 gallery-columns-3 gallery-size-thumbnail'><figure class='gallery-item'>\n\t\t\t<div class='gallery-icon landscape'>\n\t\t\t\t<a href='https:\/\/miriamalbasini.es\/blog\/wp-content\/uploads\/foto165.jpg' rel=\"lightbox[1821]\"><img loading=\"lazy\" decoding=\"async\" width=\"300\" height=\"300\" src=\"https:\/\/miriamalbasini.es\/blog\/wp-content\/uploads\/foto165-300x300.jpg\" class=\"attachment-thumbnail size-thumbnail\" alt=\"\" srcset=\"https:\/\/miriamalbasini.es\/blog\/wp-content\/uploads\/foto165-300x300.jpg 300w, https:\/\/miriamalbasini.es\/blog\/wp-content\/uploads\/foto165-400x400.jpg 400w, https:\/\/miriamalbasini.es\/blog\/wp-content\/uploads\/foto165-100x100.jpg 100w, https:\/\/miriamalbasini.es\/blog\/wp-content\/uploads\/foto165-150x150.jpg 150w, https:\/\/miriamalbasini.es\/blog\/wp-content\/uploads\/foto165.jpg 600w\" sizes=\"auto, (max-width: 300px) 100vw, 300px\" \/><\/a>\n\t\t\t<\/div><\/figure><figure class='gallery-item'>\n\t\t\t<div class='gallery-icon landscape'>\n\t\t\t\t<a href='https:\/\/miriamalbasini.es\/blog\/wp-content\/uploads\/foto266.jpg' rel=\"lightbox[1821]\"><img loading=\"lazy\" decoding=\"async\" width=\"300\" height=\"300\" src=\"https:\/\/miriamalbasini.es\/blog\/wp-content\/uploads\/foto266-300x300.jpg\" class=\"attachment-thumbnail size-thumbnail\" alt=\"\" srcset=\"https:\/\/miriamalbasini.es\/blog\/wp-content\/uploads\/foto266-300x300.jpg 300w, https:\/\/miriamalbasini.es\/blog\/wp-content\/uploads\/foto266-400x400.jpg 400w, https:\/\/miriamalbasini.es\/blog\/wp-content\/uploads\/foto266-100x100.jpg 100w, https:\/\/miriamalbasini.es\/blog\/wp-content\/uploads\/foto266-150x150.jpg 150w, https:\/\/miriamalbasini.es\/blog\/wp-content\/uploads\/foto266.jpg 600w\" sizes=\"auto, (max-width: 300px) 100vw, 300px\" \/><\/a>\n\t\t\t<\/div><\/figure><figure class='gallery-item'>\n\t\t\t<div class='gallery-icon landscape'>\n\t\t\t\t<a href='https:\/\/miriamalbasini.es\/blog\/wp-content\/uploads\/foto362.jpg' rel=\"lightbox[1821]\"><img loading=\"lazy\" decoding=\"async\" width=\"300\" height=\"300\" src=\"https:\/\/miriamalbasini.es\/blog\/wp-content\/uploads\/foto362-300x300.jpg\" class=\"attachment-thumbnail size-thumbnail\" alt=\"\" srcset=\"https:\/\/miriamalbasini.es\/blog\/wp-content\/uploads\/foto362-300x300.jpg 300w, https:\/\/miriamalbasini.es\/blog\/wp-content\/uploads\/foto362-400x400.jpg 400w, https:\/\/miriamalbasini.es\/blog\/wp-content\/uploads\/foto362-100x100.jpg 100w, https:\/\/miriamalbasini.es\/blog\/wp-content\/uploads\/foto362-150x150.jpg 150w, https:\/\/miriamalbasini.es\/blog\/wp-content\/uploads\/foto362.jpg 600w\" sizes=\"auto, (max-width: 300px) 100vw, 300px\" \/><\/a>\n\t\t\t<\/div><\/figure><figure class='gallery-item'>\n\t\t\t<div class='gallery-icon landscape'>\n\t\t\t\t<a href='https:\/\/miriamalbasini.es\/blog\/wp-content\/uploads\/foto449.jpg' rel=\"lightbox[1821]\"><img loading=\"lazy\" decoding=\"async\" width=\"300\" height=\"300\" src=\"https:\/\/miriamalbasini.es\/blog\/wp-content\/uploads\/foto449-300x300.jpg\" class=\"attachment-thumbnail size-thumbnail\" alt=\"\" srcset=\"https:\/\/miriamalbasini.es\/blog\/wp-content\/uploads\/foto449-300x300.jpg 300w, https:\/\/miriamalbasini.es\/blog\/wp-content\/uploads\/foto449-400x400.jpg 400w, https:\/\/miriamalbasini.es\/blog\/wp-content\/uploads\/foto449-100x100.jpg 100w, https:\/\/miriamalbasini.es\/blog\/wp-content\/uploads\/foto449-150x150.jpg 150w, https:\/\/miriamalbasini.es\/blog\/wp-content\/uploads\/foto449.jpg 600w\" sizes=\"auto, (max-width: 300px) 100vw, 300px\" \/><\/a>\n\t\t\t<\/div><\/figure><figure class='gallery-item'>\n\t\t\t<div class='gallery-icon landscape'>\n\t\t\t\t<a href='https:\/\/miriamalbasini.es\/blog\/wp-content\/uploads\/foto528.jpg' rel=\"lightbox[1821]\"><img loading=\"lazy\" decoding=\"async\" width=\"300\" height=\"300\" src=\"https:\/\/miriamalbasini.es\/blog\/wp-content\/uploads\/foto528-300x300.jpg\" class=\"attachment-thumbnail size-thumbnail\" alt=\"\" srcset=\"https:\/\/miriamalbasini.es\/blog\/wp-content\/uploads\/foto528-300x300.jpg 300w, https:\/\/miriamalbasini.es\/blog\/wp-content\/uploads\/foto528-400x400.jpg 400w, https:\/\/miriamalbasini.es\/blog\/wp-content\/uploads\/foto528-100x100.jpg 100w, https:\/\/miriamalbasini.es\/blog\/wp-content\/uploads\/foto528-150x150.jpg 150w, https:\/\/miriamalbasini.es\/blog\/wp-content\/uploads\/foto528.jpg 600w\" sizes=\"auto, (max-width: 300px) 100vw, 300px\" \/><\/a>\n\t\t\t<\/div><\/figure>\n\t\t<\/div>\n<br \/>\n<iframe loading=\"lazy\" src=\"\/\/www.youtube.com\/embed\/H_DJEX7UPFM\" height=\"315\" width=\"420\" allowfullscreen=\"\" frameborder=\"0\"><\/iframe><\/p>\n","protected":false},"excerpt":{"rendered":"<p>Esta es una de las figuras que m\u00e1s me gusta, la he hecho para Mamen y desde el principio supe que no necestiaba rostro, se identifica tal y como est\u00e1. Es Mamen en su Espacio P\u00e1tico<\/p>\n","protected":false},"author":2,"featured_media":0,"comment_status":"closed","ping_status":"closed","sticky":false,"template":"","format":"standard","meta":{"jetpack_post_was_ever_published":false,"_jetpack_newsletter_access":"","_jetpack_dont_email_post_to_subs":false,"_jetpack_newsletter_tier_id":0,"_jetpack_memberships_contains_paywalled_content":false,"_jetpack_memberships_contains_paid_content":false,"footnotes":"","jetpack_publicize_message":"","jetpack_publicize_feature_enabled":true,"jetpack_social_post_already_shared":true,"jetpack_social_options":{"image_generator_settings":{"template":"highway","enabled":false},"version":2}},"categories":[21,38,20,4,26],"tags":[259,353,351,24,352],"class_list":["post-1821","post","type-post","status-publish","format-standard","hentry","category-aniversarios","category-arcilla-polimerica","category-cosas-sueltas","category-figuras-personalizadas","category-regalo","tag-espacio-patico","tag-logo","tag-mamen","tag-muneca","tag-silla"],"jetpack_publicize_connections":[],"jetpack_featured_media_url":"","jetpack_shortlink":"https:\/\/wp.me\/p14Kb8-tn","jetpack_sharing_enabled":true,"_links":{"self":[{"href":"https:\/\/miriamalbasini.es\/blog\/wp-json\/wp\/v2\/posts\/1821","targetHints":{"allow":["GET"]}}],"collection":[{"href":"https:\/\/miriamalbasini.es\/blog\/wp-json\/wp\/v2\/posts"}],"about":[{"href":"https:\/\/miriamalbasini.es\/blog\/wp-json\/wp\/v2\/types\/post"}],"author":[{"embeddable":true,"href":"https:\/\/miriamalbasini.es\/blog\/wp-json\/wp\/v2\/users\/2"}],"replies":[{"embeddable":true,"href":"https:\/\/miriamalbasini.es\/blog\/wp-json\/wp\/v2\/comments?post=1821"}],"version-history":[{"count":1,"href":"https:\/\/miriamalbasini.es\/blog\/wp-json\/wp\/v2\/posts\/1821\/revisions"}],"predecessor-version":[{"id":1827,"href":"https:\/\/miriamalbasini.es\/blog\/wp-json\/wp\/v2\/posts\/1821\/revisions\/1827"}],"wp:attachment":[{"href":"https:\/\/miriamalbasini.es\/blog\/wp-json\/wp\/v2\/media?parent=1821"}],"wp:term":[{"taxonomy":"category","embeddable":true,"href":"https:\/\/miriamalbasini.es\/blog\/wp-json\/wp\/v2\/categories?post=1821"},{"taxonomy":"post_tag","embeddable":true,"href":"https:\/\/miriamalbasini.es\/blog\/wp-json\/wp\/v2\/tags?post=1821"}],"curies":[{"name":"wp","href":"https:\/\/api.w.org\/{rel}","templated":true}]}}