{"id":1782,"date":"2013-08-12T11:00:17","date_gmt":"2013-08-12T09:00:17","guid":{"rendered":"http:\/\/miriamalbasini.es\/blog\/?p=1782"},"modified":"2022-10-11T11:41:36","modified_gmt":"2022-10-11T09:41:36","slug":"boda-en-agosto-1","status":"publish","type":"post","link":"https:\/\/miriamalbasini.es\/blog\/boda-en-agosto-1\/","title":{"rendered":"Boda en agosto 1"},"content":{"rendered":"<p>Un chico de Canad\u00e1 y otro espa\u00f1ol. El regalo de boda, sus mu\u00f1ecos personalizados.<div id='gallery-1' class='gallery galleryid-1782 gallery-columns-3 gallery-size-thumbnail'><figure class='gallery-item'>\n\t\t\t<div class='gallery-icon landscape'>\n\t\t\t\t<a href='https:\/\/miriamalbasini.es\/blog\/wp-content\/uploads\/foto445.jpg' rel=\"lightbox[1782]\"><img loading=\"lazy\" decoding=\"async\" width=\"300\" height=\"300\" src=\"https:\/\/miriamalbasini.es\/blog\/wp-content\/uploads\/foto445-300x300.jpg\" class=\"attachment-thumbnail size-thumbnail\" alt=\"\" srcset=\"https:\/\/miriamalbasini.es\/blog\/wp-content\/uploads\/foto445-300x300.jpg 300w, https:\/\/miriamalbasini.es\/blog\/wp-content\/uploads\/foto445-400x400.jpg 400w, https:\/\/miriamalbasini.es\/blog\/wp-content\/uploads\/foto445-100x100.jpg 100w, https:\/\/miriamalbasini.es\/blog\/wp-content\/uploads\/foto445-150x150.jpg 150w, https:\/\/miriamalbasini.es\/blog\/wp-content\/uploads\/foto445.jpg 600w\" sizes=\"auto, (max-width: 300px) 100vw, 300px\" \/><\/a>\n\t\t\t<\/div><\/figure><figure class='gallery-item'>\n\t\t\t<div class='gallery-icon landscape'>\n\t\t\t\t<a href='https:\/\/miriamalbasini.es\/blog\/wp-content\/uploads\/foto525.jpg' rel=\"lightbox[1782]\"><img loading=\"lazy\" decoding=\"async\" width=\"300\" height=\"300\" src=\"https:\/\/miriamalbasini.es\/blog\/wp-content\/uploads\/foto525-300x300.jpg\" class=\"attachment-thumbnail size-thumbnail\" alt=\"\" srcset=\"https:\/\/miriamalbasini.es\/blog\/wp-content\/uploads\/foto525-300x300.jpg 300w, https:\/\/miriamalbasini.es\/blog\/wp-content\/uploads\/foto525-400x400.jpg 400w, https:\/\/miriamalbasini.es\/blog\/wp-content\/uploads\/foto525-100x100.jpg 100w, https:\/\/miriamalbasini.es\/blog\/wp-content\/uploads\/foto525-150x150.jpg 150w, https:\/\/miriamalbasini.es\/blog\/wp-content\/uploads\/foto525.jpg 600w\" sizes=\"auto, (max-width: 300px) 100vw, 300px\" \/><\/a>\n\t\t\t<\/div><\/figure><figure class='gallery-item'>\n\t\t\t<div class='gallery-icon landscape'>\n\t\t\t\t<a href='https:\/\/miriamalbasini.es\/blog\/wp-content\/uploads\/foto69.jpg' rel=\"lightbox[1782]\"><img loading=\"lazy\" decoding=\"async\" width=\"300\" height=\"300\" src=\"https:\/\/miriamalbasini.es\/blog\/wp-content\/uploads\/foto69-300x300.jpg\" class=\"attachment-thumbnail size-thumbnail\" alt=\"\" srcset=\"https:\/\/miriamalbasini.es\/blog\/wp-content\/uploads\/foto69-300x300.jpg 300w, https:\/\/miriamalbasini.es\/blog\/wp-content\/uploads\/foto69-400x400.jpg 400w, https:\/\/miriamalbasini.es\/blog\/wp-content\/uploads\/foto69-100x100.jpg 100w, https:\/\/miriamalbasini.es\/blog\/wp-content\/uploads\/foto69-150x150.jpg 150w, https:\/\/miriamalbasini.es\/blog\/wp-content\/uploads\/foto69.jpg 600w\" sizes=\"auto, (max-width: 300px) 100vw, 300px\" \/><\/a>\n\t\t\t<\/div><\/figure>\n\t\t<\/div>\n<\/p>\n","protected":false},"excerpt":{"rendered":"<p>Un chico de Canad\u00e1 y otro espa\u00f1ol. El regalo de boda, sus mu\u00f1ecos personalizados.<\/p>\n","protected":false},"author":2,"featured_media":0,"comment_status":"closed","ping_status":"closed","sticky":false,"template":"","format":"standard","meta":{"jetpack_post_was_ever_published":false,"_jetpack_newsletter_access":"","_jetpack_dont_email_post_to_subs":false,"_jetpack_newsletter_tier_id":0,"_jetpack_memberships_contains_paywalled_content":false,"_jetpack_memberships_contains_paid_content":false,"footnotes":"","jetpack_publicize_message":"","jetpack_publicize_feature_enabled":true,"jetpack_social_post_already_shared":true,"jetpack_social_options":{"image_generator_settings":{"template":"highway","enabled":false},"version":2}},"categories":[21,38,4,146,10,29,26],"tags":[344,300,345,343,31],"class_list":["post-1782","post","type-post","status-publish","format-standard","hentry","category-aniversarios","category-arcilla-polimerica","category-figuras-personalizadas","category-novios-y-bodas","category-parejas","category-plastilina","category-regalo","tag-canada","tag-chaqueta","tag-espana","tag-gays","tag-novios"],"jetpack_publicize_connections":[],"jetpack_featured_media_url":"","jetpack_shortlink":"https:\/\/wp.me\/p14Kb8-sK","jetpack_sharing_enabled":true,"_links":{"self":[{"href":"https:\/\/miriamalbasini.es\/blog\/wp-json\/wp\/v2\/posts\/1782","targetHints":{"allow":["GET"]}}],"collection":[{"href":"https:\/\/miriamalbasini.es\/blog\/wp-json\/wp\/v2\/posts"}],"about":[{"href":"https:\/\/miriamalbasini.es\/blog\/wp-json\/wp\/v2\/types\/post"}],"author":[{"embeddable":true,"href":"https:\/\/miriamalbasini.es\/blog\/wp-json\/wp\/v2\/users\/2"}],"replies":[{"embeddable":true,"href":"https:\/\/miriamalbasini.es\/blog\/wp-json\/wp\/v2\/comments?post=1782"}],"version-history":[{"count":2,"href":"https:\/\/miriamalbasini.es\/blog\/wp-json\/wp\/v2\/posts\/1782\/revisions"}],"predecessor-version":[{"id":2660,"href":"https:\/\/miriamalbasini.es\/blog\/wp-json\/wp\/v2\/posts\/1782\/revisions\/2660"}],"wp:attachment":[{"href":"https:\/\/miriamalbasini.es\/blog\/wp-json\/wp\/v2\/media?parent=1782"}],"wp:term":[{"taxonomy":"category","embeddable":true,"href":"https:\/\/miriamalbasini.es\/blog\/wp-json\/wp\/v2\/categories?post=1782"},{"taxonomy":"post_tag","embeddable":true,"href":"https:\/\/miriamalbasini.es\/blog\/wp-json\/wp\/v2\/tags?post=1782"}],"curies":[{"name":"wp","href":"https:\/\/api.w.org\/{rel}","templated":true}]}}