{"id":1764,"date":"2013-08-01T13:17:04","date_gmt":"2013-08-01T11:17:04","guid":{"rendered":"http:\/\/miriamalbasini.es\/blog\/?p=1764"},"modified":"2022-10-11T11:41:36","modified_gmt":"2022-10-11T09:41:36","slug":"munequitas-para-colgar","status":"publish","type":"post","link":"https:\/\/miriamalbasini.es\/blog\/munequitas-para-colgar\/","title":{"rendered":"Mu\u00f1equitas para colgar"},"content":{"rendered":"<p>Con la llegada del verano, he hecho estas mu\u00f1equitas para colgar al cuello en ba\u00f1ador<\/p>\n<div id='gallery-1' class='gallery galleryid-1764 gallery-columns-3 gallery-size-thumbnail'><figure class='gallery-item'>\n\t\t\t<div class='gallery-icon landscape'>\n\t\t\t\t<a href='https:\/\/miriamalbasini.es\/blog\/wp-content\/uploads\/azul2.jpg' rel=\"lightbox[1764]\"><img loading=\"lazy\" decoding=\"async\" width=\"300\" height=\"300\" src=\"https:\/\/miriamalbasini.es\/blog\/wp-content\/uploads\/azul2-300x300.jpg\" class=\"attachment-thumbnail size-thumbnail\" alt=\"\" srcset=\"https:\/\/miriamalbasini.es\/blog\/wp-content\/uploads\/azul2-300x300.jpg 300w, https:\/\/miriamalbasini.es\/blog\/wp-content\/uploads\/azul2-400x400.jpg 400w, https:\/\/miriamalbasini.es\/blog\/wp-content\/uploads\/azul2-100x100.jpg 100w, https:\/\/miriamalbasini.es\/blog\/wp-content\/uploads\/azul2-150x150.jpg 150w, https:\/\/miriamalbasini.es\/blog\/wp-content\/uploads\/azul2.jpg 600w\" sizes=\"auto, (max-width: 300px) 100vw, 300px\" \/><\/a>\n\t\t\t<\/div><\/figure><figure class='gallery-item'>\n\t\t\t<div class='gallery-icon landscape'>\n\t\t\t\t<a href='https:\/\/miriamalbasini.es\/blog\/wp-content\/uploads\/banadorazul.jpg' rel=\"lightbox[1764]\"><img loading=\"lazy\" decoding=\"async\" width=\"300\" height=\"300\" src=\"https:\/\/miriamalbasini.es\/blog\/wp-content\/uploads\/banadorazul-300x300.jpg\" class=\"attachment-thumbnail size-thumbnail\" alt=\"\" srcset=\"https:\/\/miriamalbasini.es\/blog\/wp-content\/uploads\/banadorazul-300x300.jpg 300w, https:\/\/miriamalbasini.es\/blog\/wp-content\/uploads\/banadorazul-400x400.jpg 400w, https:\/\/miriamalbasini.es\/blog\/wp-content\/uploads\/banadorazul-100x100.jpg 100w, https:\/\/miriamalbasini.es\/blog\/wp-content\/uploads\/banadorazul-150x150.jpg 150w, https:\/\/miriamalbasini.es\/blog\/wp-content\/uploads\/banadorazul.jpg 600w\" sizes=\"auto, (max-width: 300px) 100vw, 300px\" \/><\/a>\n\t\t\t<\/div><\/figure><figure class='gallery-item'>\n\t\t\t<div class='gallery-icon landscape'>\n\t\t\t\t<a href='https:\/\/miriamalbasini.es\/blog\/wp-content\/uploads\/banadores.jpg' rel=\"lightbox[1764]\"><img loading=\"lazy\" decoding=\"async\" width=\"300\" height=\"300\" src=\"https:\/\/miriamalbasini.es\/blog\/wp-content\/uploads\/banadores-300x300.jpg\" class=\"attachment-thumbnail size-thumbnail\" alt=\"\" srcset=\"https:\/\/miriamalbasini.es\/blog\/wp-content\/uploads\/banadores-300x300.jpg 300w, https:\/\/miriamalbasini.es\/blog\/wp-content\/uploads\/banadores-400x400.jpg 400w, https:\/\/miriamalbasini.es\/blog\/wp-content\/uploads\/banadores-100x100.jpg 100w, https:\/\/miriamalbasini.es\/blog\/wp-content\/uploads\/banadores-150x150.jpg 150w, https:\/\/miriamalbasini.es\/blog\/wp-content\/uploads\/banadores.jpg 600w\" sizes=\"auto, (max-width: 300px) 100vw, 300px\" \/><\/a>\n\t\t\t<\/div><\/figure><figure class='gallery-item'>\n\t\t\t<div class='gallery-icon landscape'>\n\t\t\t\t<a href='https:\/\/miriamalbasini.es\/blog\/wp-content\/uploads\/miriamcolg.jpg' rel=\"lightbox[1764]\"><img loading=\"lazy\" decoding=\"async\" width=\"300\" height=\"300\" src=\"https:\/\/miriamalbasini.es\/blog\/wp-content\/uploads\/miriamcolg-300x300.jpg\" class=\"attachment-thumbnail size-thumbnail\" alt=\"\" srcset=\"https:\/\/miriamalbasini.es\/blog\/wp-content\/uploads\/miriamcolg-300x300.jpg 300w, https:\/\/miriamalbasini.es\/blog\/wp-content\/uploads\/miriamcolg-400x400.jpg 400w, https:\/\/miriamalbasini.es\/blog\/wp-content\/uploads\/miriamcolg-100x100.jpg 100w, https:\/\/miriamalbasini.es\/blog\/wp-content\/uploads\/miriamcolg-150x150.jpg 150w, https:\/\/miriamalbasini.es\/blog\/wp-content\/uploads\/miriamcolg.jpg 600w\" sizes=\"auto, (max-width: 300px) 100vw, 300px\" \/><\/a>\n\t\t\t<\/div><\/figure><figure class='gallery-item'>\n\t\t\t<div class='gallery-icon landscape'>\n\t\t\t\t<a href='https:\/\/miriamalbasini.es\/blog\/wp-content\/uploads\/nanadorNegro.jpg' rel=\"lightbox[1764]\"><img loading=\"lazy\" decoding=\"async\" width=\"300\" height=\"300\" src=\"https:\/\/miriamalbasini.es\/blog\/wp-content\/uploads\/nanadorNegro-300x300.jpg\" class=\"attachment-thumbnail size-thumbnail\" alt=\"\" srcset=\"https:\/\/miriamalbasini.es\/blog\/wp-content\/uploads\/nanadorNegro-300x300.jpg 300w, https:\/\/miriamalbasini.es\/blog\/wp-content\/uploads\/nanadorNegro-400x400.jpg 400w, https:\/\/miriamalbasini.es\/blog\/wp-content\/uploads\/nanadorNegro-100x100.jpg 100w, https:\/\/miriamalbasini.es\/blog\/wp-content\/uploads\/nanadorNegro-150x150.jpg 150w, https:\/\/miriamalbasini.es\/blog\/wp-content\/uploads\/nanadorNegro.jpg 600w\" sizes=\"auto, (max-width: 300px) 100vw, 300px\" \/><\/a>\n\t\t\t<\/div><\/figure>\n\t\t<\/div>\n\n","protected":false},"excerpt":{"rendered":"<p>Con la llegada del verano, he hecho estas mu\u00f1equitas para colgar al cuello en ba\u00f1ador<\/p>\n","protected":false},"author":2,"featured_media":0,"comment_status":"closed","ping_status":"closed","sticky":false,"template":"","format":"standard","meta":{"jetpack_post_was_ever_published":false,"_jetpack_newsletter_access":"","_jetpack_dont_email_post_to_subs":false,"_jetpack_newsletter_tier_id":0,"_jetpack_memberships_contains_paywalled_content":false,"_jetpack_memberships_contains_paid_content":false,"footnotes":"","jetpack_publicize_message":"","jetpack_publicize_feature_enabled":true,"jetpack_social_post_already_shared":true,"jetpack_social_options":{"image_generator_settings":{"template":"highway","enabled":false},"version":2}},"categories":[38,20,29,26],"tags":[340,291,70,63],"class_list":["post-1764","post","type-post","status-publish","format-standard","hentry","category-arcilla-polimerica","category-cosas-sueltas","category-plastilina","category-regalo","tag-banador","tag-collar","tag-colores","tag-munecas"],"jetpack_publicize_connections":[],"jetpack_featured_media_url":"","jetpack_shortlink":"https:\/\/wp.me\/p14Kb8-ss","jetpack_sharing_enabled":true,"_links":{"self":[{"href":"https:\/\/miriamalbasini.es\/blog\/wp-json\/wp\/v2\/posts\/1764","targetHints":{"allow":["GET"]}}],"collection":[{"href":"https:\/\/miriamalbasini.es\/blog\/wp-json\/wp\/v2\/posts"}],"about":[{"href":"https:\/\/miriamalbasini.es\/blog\/wp-json\/wp\/v2\/types\/post"}],"author":[{"embeddable":true,"href":"https:\/\/miriamalbasini.es\/blog\/wp-json\/wp\/v2\/users\/2"}],"replies":[{"embeddable":true,"href":"https:\/\/miriamalbasini.es\/blog\/wp-json\/wp\/v2\/comments?post=1764"}],"version-history":[{"count":1,"href":"https:\/\/miriamalbasini.es\/blog\/wp-json\/wp\/v2\/posts\/1764\/revisions"}],"predecessor-version":[{"id":1770,"href":"https:\/\/miriamalbasini.es\/blog\/wp-json\/wp\/v2\/posts\/1764\/revisions\/1770"}],"wp:attachment":[{"href":"https:\/\/miriamalbasini.es\/blog\/wp-json\/wp\/v2\/media?parent=1764"}],"wp:term":[{"taxonomy":"category","embeddable":true,"href":"https:\/\/miriamalbasini.es\/blog\/wp-json\/wp\/v2\/categories?post=1764"},{"taxonomy":"post_tag","embeddable":true,"href":"https:\/\/miriamalbasini.es\/blog\/wp-json\/wp\/v2\/tags?post=1764"}],"curies":[{"name":"wp","href":"https:\/\/api.w.org\/{rel}","templated":true}]}}