{"id":1632,"date":"2013-05-27T13:09:35","date_gmt":"2013-05-27T11:09:35","guid":{"rendered":"http:\/\/miriamalbasini.es\/blog\/?p=1632"},"modified":"2022-10-11T11:41:37","modified_gmt":"2022-10-11T09:41:37","slug":"collares","status":"publish","type":"post","link":"https:\/\/miriamalbasini.es\/blog\/collares\/","title":{"rendered":"Mu\u00f1equitas para collar"},"content":{"rendered":"<p>Estas mu\u00f1equitas me las encarg\u00f3 una madre. Una para un collar para ella y la otra para pap\u00e1. Yo hice las mu\u00f1ecas y Paloma de Bisuterapia (<a href=\"http:\/\/www.bisuterapia.es\/\" target=\"_blank\" rel=\"noopener\">http:\/\/www.bisuterapia.es\/<\/a>) las mont\u00f3. En su p\u00e1gina de facebook pod\u00e9is ver c\u00f3mo se quedaron: <a href=\"https:\/\/www.facebook.com\/photo.php?fbid=457991294276655&amp;set=a.236958643046589.57103.236943459714774&amp;type=1&amp;theater\" target=\"_blank\" rel=\"noopener\">www.facebook.com\/bisuterapia<\/a><\/p>\n<div id='gallery-1' class='gallery galleryid-1632 gallery-columns-3 gallery-size-thumbnail'><figure class='gallery-item'>\n\t\t\t<div class='gallery-icon landscape'>\n\t\t\t\t<a href='https:\/\/miriamalbasini.es\/blog\/wp-content\/uploads\/mu\u00f1eca_EvaAlburquerque1.jpg' rel=\"lightbox[1632]\"><img loading=\"lazy\" decoding=\"async\" width=\"300\" height=\"300\" src=\"https:\/\/miriamalbasini.es\/blog\/wp-content\/uploads\/mu\u00f1eca_EvaAlburquerque1-300x300.jpg\" class=\"attachment-thumbnail size-thumbnail\" alt=\"\" srcset=\"https:\/\/miriamalbasini.es\/blog\/wp-content\/uploads\/mu\u00f1eca_EvaAlburquerque1-300x300.jpg 300w, https:\/\/miriamalbasini.es\/blog\/wp-content\/uploads\/mu\u00f1eca_EvaAlburquerque1-400x400.jpg 400w, https:\/\/miriamalbasini.es\/blog\/wp-content\/uploads\/mu\u00f1eca_EvaAlburquerque1-100x100.jpg 100w, https:\/\/miriamalbasini.es\/blog\/wp-content\/uploads\/mu\u00f1eca_EvaAlburquerque1-150x150.jpg 150w, https:\/\/miriamalbasini.es\/blog\/wp-content\/uploads\/mu\u00f1eca_EvaAlburquerque1.jpg 600w\" sizes=\"auto, (max-width: 300px) 100vw, 300px\" \/><\/a>\n\t\t\t<\/div><\/figure><figure class='gallery-item'>\n\t\t\t<div class='gallery-icon landscape'>\n\t\t\t\t<a href='https:\/\/miriamalbasini.es\/blog\/wp-content\/uploads\/collar_Eva2.jpg' rel=\"lightbox[1632]\"><img loading=\"lazy\" decoding=\"async\" width=\"300\" height=\"300\" src=\"https:\/\/miriamalbasini.es\/blog\/wp-content\/uploads\/collar_Eva2-300x300.jpg\" class=\"attachment-thumbnail size-thumbnail\" alt=\"\" srcset=\"https:\/\/miriamalbasini.es\/blog\/wp-content\/uploads\/collar_Eva2-300x300.jpg 300w, https:\/\/miriamalbasini.es\/blog\/wp-content\/uploads\/collar_Eva2-400x400.jpg 400w, https:\/\/miriamalbasini.es\/blog\/wp-content\/uploads\/collar_Eva2-100x100.jpg 100w, https:\/\/miriamalbasini.es\/blog\/wp-content\/uploads\/collar_Eva2-150x150.jpg 150w, https:\/\/miriamalbasini.es\/blog\/wp-content\/uploads\/collar_Eva2.jpg 600w\" sizes=\"auto, (max-width: 300px) 100vw, 300px\" \/><\/a>\n\t\t\t<\/div><\/figure><figure class='gallery-item'>\n\t\t\t<div class='gallery-icon landscape'>\n\t\t\t\t<a href='https:\/\/miriamalbasini.es\/blog\/wp-content\/uploads\/collar_Eva1.jpg' rel=\"lightbox[1632]\"><img loading=\"lazy\" decoding=\"async\" width=\"300\" height=\"300\" src=\"https:\/\/miriamalbasini.es\/blog\/wp-content\/uploads\/collar_Eva1-300x300.jpg\" class=\"attachment-thumbnail size-thumbnail\" alt=\"\" srcset=\"https:\/\/miriamalbasini.es\/blog\/wp-content\/uploads\/collar_Eva1-300x300.jpg 300w, https:\/\/miriamalbasini.es\/blog\/wp-content\/uploads\/collar_Eva1-400x400.jpg 400w, https:\/\/miriamalbasini.es\/blog\/wp-content\/uploads\/collar_Eva1-100x100.jpg 100w, https:\/\/miriamalbasini.es\/blog\/wp-content\/uploads\/collar_Eva1-150x150.jpg 150w, https:\/\/miriamalbasini.es\/blog\/wp-content\/uploads\/collar_Eva1.jpg 600w\" sizes=\"auto, (max-width: 300px) 100vw, 300px\" \/><\/a>\n\t\t\t<\/div><\/figure>\n\t\t<\/div>\n\n","protected":false},"excerpt":{"rendered":"<p>Estas mu\u00f1equitas me las encarg\u00f3 una madre. Una para un collar para ella y la otra para pap\u00e1. Yo hice las mu\u00f1ecas y Paloma de Bisuterapia (http:\/\/www.bisuterapia.es\/) las mont\u00f3. En su p\u00e1gina de facebook pod\u00e9is ver c\u00f3mo se quedaron: www.facebook.com\/bisuterapia<\/p>\n","protected":false},"author":2,"featured_media":0,"comment_status":"closed","ping_status":"closed","sticky":false,"template":"","format":"standard","meta":{"jetpack_post_was_ever_published":false,"_jetpack_newsletter_access":"","_jetpack_dont_email_post_to_subs":false,"_jetpack_newsletter_tier_id":0,"_jetpack_memberships_contains_paywalled_content":false,"_jetpack_memberships_contains_paid_content":false,"footnotes":"","jetpack_publicize_message":"","jetpack_publicize_feature_enabled":true,"jetpack_social_post_already_shared":true,"jetpack_social_options":{"image_generator_settings":{"template":"highway","enabled":false},"version":2}},"categories":[38,20,113,29,26],"tags":[430,291,306,188,428],"class_list":["post-1632","post","type-post","status-publish","format-standard","hentry","category-arcilla-polimerica","category-cosas-sueltas","category-grupo-familiar","category-plastilina","category-regalo","tag-arcilla-polimerica","tag-collar","tag-cuero","tag-ninas","tag-regalo"],"jetpack_publicize_connections":[],"jetpack_featured_media_url":"","jetpack_shortlink":"https:\/\/wp.me\/s14Kb8-collares","jetpack_sharing_enabled":true,"_links":{"self":[{"href":"https:\/\/miriamalbasini.es\/blog\/wp-json\/wp\/v2\/posts\/1632","targetHints":{"allow":["GET"]}}],"collection":[{"href":"https:\/\/miriamalbasini.es\/blog\/wp-json\/wp\/v2\/posts"}],"about":[{"href":"https:\/\/miriamalbasini.es\/blog\/wp-json\/wp\/v2\/types\/post"}],"author":[{"embeddable":true,"href":"https:\/\/miriamalbasini.es\/blog\/wp-json\/wp\/v2\/users\/2"}],"replies":[{"embeddable":true,"href":"https:\/\/miriamalbasini.es\/blog\/wp-json\/wp\/v2\/comments?post=1632"}],"version-history":[{"count":7,"href":"https:\/\/miriamalbasini.es\/blog\/wp-json\/wp\/v2\/posts\/1632\/revisions"}],"predecessor-version":[{"id":3182,"href":"https:\/\/miriamalbasini.es\/blog\/wp-json\/wp\/v2\/posts\/1632\/revisions\/3182"}],"wp:attachment":[{"href":"https:\/\/miriamalbasini.es\/blog\/wp-json\/wp\/v2\/media?parent=1632"}],"wp:term":[{"taxonomy":"category","embeddable":true,"href":"https:\/\/miriamalbasini.es\/blog\/wp-json\/wp\/v2\/categories?post=1632"},{"taxonomy":"post_tag","embeddable":true,"href":"https:\/\/miriamalbasini.es\/blog\/wp-json\/wp\/v2\/tags?post=1632"}],"curies":[{"name":"wp","href":"https:\/\/api.w.org\/{rel}","templated":true}]}}