{"id":1623,"date":"2013-05-27T12:56:59","date_gmt":"2013-05-27T10:56:59","guid":{"rendered":"http:\/\/miriamalbasini.es\/blog\/?p=1623"},"modified":"2022-10-11T11:41:37","modified_gmt":"2022-10-11T09:41:37","slug":"un-regalo-para-el-dia-de-la-madre-2","status":"publish","type":"post","link":"https:\/\/miriamalbasini.es\/blog\/un-regalo-para-el-dia-de-la-madre-2\/","title":{"rendered":"Un regalo para el d\u00eda de la madre"},"content":{"rendered":"<p>Me encargaron estos mu\u00f1equitos para el d\u00eda de la madre. Son sus ni\u00f1os, con la ropa que m\u00e1s les gusta.<div id='gallery-1' class='gallery galleryid-1623 gallery-columns-3 gallery-size-thumbnail'><figure class='gallery-item'>\n\t\t\t<div class='gallery-icon landscape'>\n\t\t\t\t<a href='https:\/\/miriamalbasini.es\/blog\/wp-content\/uploads\/collar11.jpg' rel=\"lightbox[1623]\"><img loading=\"lazy\" decoding=\"async\" width=\"300\" height=\"300\" src=\"https:\/\/miriamalbasini.es\/blog\/wp-content\/uploads\/collar11-300x300.jpg\" class=\"attachment-thumbnail size-thumbnail\" alt=\"\" srcset=\"https:\/\/miriamalbasini.es\/blog\/wp-content\/uploads\/collar11-300x300.jpg 300w, https:\/\/miriamalbasini.es\/blog\/wp-content\/uploads\/collar11-400x400.jpg 400w, https:\/\/miriamalbasini.es\/blog\/wp-content\/uploads\/collar11-100x100.jpg 100w, https:\/\/miriamalbasini.es\/blog\/wp-content\/uploads\/collar11-150x150.jpg 150w, https:\/\/miriamalbasini.es\/blog\/wp-content\/uploads\/collar11.jpg 600w\" sizes=\"auto, (max-width: 300px) 100vw, 300px\" \/><\/a>\n\t\t\t<\/div><\/figure><figure class='gallery-item'>\n\t\t\t<div class='gallery-icon landscape'>\n\t\t\t\t<a href='https:\/\/miriamalbasini.es\/blog\/wp-content\/uploads\/collar21.jpg' rel=\"lightbox[1623]\"><img loading=\"lazy\" decoding=\"async\" width=\"300\" height=\"300\" src=\"https:\/\/miriamalbasini.es\/blog\/wp-content\/uploads\/collar21-300x300.jpg\" class=\"attachment-thumbnail size-thumbnail\" alt=\"\" srcset=\"https:\/\/miriamalbasini.es\/blog\/wp-content\/uploads\/collar21-300x300.jpg 300w, https:\/\/miriamalbasini.es\/blog\/wp-content\/uploads\/collar21-400x400.jpg 400w, https:\/\/miriamalbasini.es\/blog\/wp-content\/uploads\/collar21-100x100.jpg 100w, https:\/\/miriamalbasini.es\/blog\/wp-content\/uploads\/collar21-150x150.jpg 150w, https:\/\/miriamalbasini.es\/blog\/wp-content\/uploads\/collar21.jpg 600w\" sizes=\"auto, (max-width: 300px) 100vw, 300px\" \/><\/a>\n\t\t\t<\/div><\/figure><figure class='gallery-item'>\n\t\t\t<div class='gallery-icon landscape'>\n\t\t\t\t<a href='https:\/\/miriamalbasini.es\/blog\/wp-content\/uploads\/collar31.jpg' rel=\"lightbox[1623]\"><img loading=\"lazy\" decoding=\"async\" width=\"300\" height=\"300\" src=\"https:\/\/miriamalbasini.es\/blog\/wp-content\/uploads\/collar31-300x300.jpg\" class=\"attachment-thumbnail size-thumbnail\" alt=\"\" srcset=\"https:\/\/miriamalbasini.es\/blog\/wp-content\/uploads\/collar31-300x300.jpg 300w, https:\/\/miriamalbasini.es\/blog\/wp-content\/uploads\/collar31-400x400.jpg 400w, https:\/\/miriamalbasini.es\/blog\/wp-content\/uploads\/collar31-100x100.jpg 100w, https:\/\/miriamalbasini.es\/blog\/wp-content\/uploads\/collar31-150x150.jpg 150w, https:\/\/miriamalbasini.es\/blog\/wp-content\/uploads\/collar31.jpg 600w\" sizes=\"auto, (max-width: 300px) 100vw, 300px\" \/><\/a>\n\t\t\t<\/div><\/figure>\n\t\t<\/div>\n<\/p>\n","protected":false},"excerpt":{"rendered":"<p>Me encargaron estos mu\u00f1equitos para el d\u00eda de la madre. Son sus ni\u00f1os, con la ropa que m\u00e1s les gusta.<\/p>\n","protected":false},"author":2,"featured_media":0,"comment_status":"closed","ping_status":"closed","sticky":false,"template":"","format":"standard","meta":{"jetpack_post_was_ever_published":false,"_jetpack_newsletter_access":"","_jetpack_dont_email_post_to_subs":false,"_jetpack_newsletter_tier_id":0,"_jetpack_memberships_contains_paywalled_content":false,"_jetpack_memberships_contains_paid_content":false,"footnotes":"","jetpack_publicize_message":"","jetpack_publicize_feature_enabled":true,"jetpack_social_post_already_shared":true,"jetpack_social_options":{"image_generator_settings":{"template":"highway","enabled":false},"version":2}},"categories":[21,38,20,26],"tags":[201,291,292,169,102,105],"class_list":["post-1623","post","type-post","status-publish","format-standard","hentry","category-aniversarios","category-arcilla-polimerica","category-cosas-sueltas","category-regalo","tag-colgante","tag-collar","tag-dia-de-la-madre","tag-muneco-personalizado","tag-ninos","tag-regalo-original"],"jetpack_publicize_connections":[],"jetpack_featured_media_url":"","jetpack_shortlink":"https:\/\/wp.me\/p14Kb8-qb","jetpack_sharing_enabled":true,"_links":{"self":[{"href":"https:\/\/miriamalbasini.es\/blog\/wp-json\/wp\/v2\/posts\/1623","targetHints":{"allow":["GET"]}}],"collection":[{"href":"https:\/\/miriamalbasini.es\/blog\/wp-json\/wp\/v2\/posts"}],"about":[{"href":"https:\/\/miriamalbasini.es\/blog\/wp-json\/wp\/v2\/types\/post"}],"author":[{"embeddable":true,"href":"https:\/\/miriamalbasini.es\/blog\/wp-json\/wp\/v2\/users\/2"}],"replies":[{"embeddable":true,"href":"https:\/\/miriamalbasini.es\/blog\/wp-json\/wp\/v2\/comments?post=1623"}],"version-history":[{"count":1,"href":"https:\/\/miriamalbasini.es\/blog\/wp-json\/wp\/v2\/posts\/1623\/revisions"}],"predecessor-version":[{"id":1627,"href":"https:\/\/miriamalbasini.es\/blog\/wp-json\/wp\/v2\/posts\/1623\/revisions\/1627"}],"wp:attachment":[{"href":"https:\/\/miriamalbasini.es\/blog\/wp-json\/wp\/v2\/media?parent=1623"}],"wp:term":[{"taxonomy":"category","embeddable":true,"href":"https:\/\/miriamalbasini.es\/blog\/wp-json\/wp\/v2\/categories?post=1623"},{"taxonomy":"post_tag","embeddable":true,"href":"https:\/\/miriamalbasini.es\/blog\/wp-json\/wp\/v2\/tags?post=1623"}],"curies":[{"name":"wp","href":"https:\/\/api.w.org\/{rel}","templated":true}]}}