{"id":1572,"date":"2013-05-09T12:28:45","date_gmt":"2013-05-09T10:28:45","guid":{"rendered":"http:\/\/miriamalbasini.es\/blog\/?p=1572"},"modified":"2022-10-11T11:41:37","modified_gmt":"2022-10-11T09:41:37","slug":"otro-regalito-para-el-dia-de-la-madre","status":"publish","type":"post","link":"https:\/\/miriamalbasini.es\/blog\/otro-regalito-para-el-dia-de-la-madre\/","title":{"rendered":"Otro regalito para el d\u00eda de la madre"},"content":{"rendered":"<p>Un regalo original.<\/p>\n<p>Me lo encarg\u00f3 pap\u00e1 para mam\u00e1. Las figuras personalizadas de sus dos peque\u00f1os, de 1 y 4 a\u00f1os.<div id='gallery-1' class='gallery galleryid-1572 gallery-columns-3 gallery-size-thumbnail'><figure class='gallery-item'>\n\t\t\t<div class='gallery-icon landscape'>\n\t\t\t\t<a href='https:\/\/miriamalbasini.es\/blog\/wp-content\/uploads\/foto145.jpg' rel=\"lightbox[1572]\"><img loading=\"lazy\" decoding=\"async\" width=\"300\" height=\"300\" src=\"https:\/\/miriamalbasini.es\/blog\/wp-content\/uploads\/foto145-300x300.jpg\" class=\"attachment-thumbnail size-thumbnail\" alt=\"\" srcset=\"https:\/\/miriamalbasini.es\/blog\/wp-content\/uploads\/foto145-300x300.jpg 300w, https:\/\/miriamalbasini.es\/blog\/wp-content\/uploads\/foto145-400x400.jpg 400w, https:\/\/miriamalbasini.es\/blog\/wp-content\/uploads\/foto145-100x100.jpg 100w, https:\/\/miriamalbasini.es\/blog\/wp-content\/uploads\/foto145-150x150.jpg 150w, https:\/\/miriamalbasini.es\/blog\/wp-content\/uploads\/foto145.jpg 600w\" sizes=\"auto, (max-width: 300px) 100vw, 300px\" \/><\/a>\n\t\t\t<\/div><\/figure><figure class='gallery-item'>\n\t\t\t<div class='gallery-icon landscape'>\n\t\t\t\t<a href='https:\/\/miriamalbasini.es\/blog\/wp-content\/uploads\/foto246.jpg' rel=\"lightbox[1572]\"><img loading=\"lazy\" decoding=\"async\" width=\"300\" height=\"300\" src=\"https:\/\/miriamalbasini.es\/blog\/wp-content\/uploads\/foto246-300x300.jpg\" class=\"attachment-thumbnail size-thumbnail\" alt=\"\" srcset=\"https:\/\/miriamalbasini.es\/blog\/wp-content\/uploads\/foto246-300x300.jpg 300w, https:\/\/miriamalbasini.es\/blog\/wp-content\/uploads\/foto246-400x400.jpg 400w, https:\/\/miriamalbasini.es\/blog\/wp-content\/uploads\/foto246-100x100.jpg 100w, https:\/\/miriamalbasini.es\/blog\/wp-content\/uploads\/foto246-150x150.jpg 150w, https:\/\/miriamalbasini.es\/blog\/wp-content\/uploads\/foto246.jpg 600w\" sizes=\"auto, (max-width: 300px) 100vw, 300px\" \/><\/a>\n\t\t\t<\/div><\/figure><figure class='gallery-item'>\n\t\t\t<div class='gallery-icon landscape'>\n\t\t\t\t<a href='https:\/\/miriamalbasini.es\/blog\/wp-content\/uploads\/foto342.jpg' rel=\"lightbox[1572]\"><img loading=\"lazy\" decoding=\"async\" width=\"300\" height=\"300\" src=\"https:\/\/miriamalbasini.es\/blog\/wp-content\/uploads\/foto342-300x300.jpg\" class=\"attachment-thumbnail size-thumbnail\" alt=\"\" srcset=\"https:\/\/miriamalbasini.es\/blog\/wp-content\/uploads\/foto342-300x300.jpg 300w, https:\/\/miriamalbasini.es\/blog\/wp-content\/uploads\/foto342-400x400.jpg 400w, https:\/\/miriamalbasini.es\/blog\/wp-content\/uploads\/foto342-100x100.jpg 100w, https:\/\/miriamalbasini.es\/blog\/wp-content\/uploads\/foto342-150x150.jpg 150w, https:\/\/miriamalbasini.es\/blog\/wp-content\/uploads\/foto342.jpg 600w\" sizes=\"auto, (max-width: 300px) 100vw, 300px\" \/><\/a>\n\t\t\t<\/div><\/figure><figure class='gallery-item'>\n\t\t\t<div class='gallery-icon landscape'>\n\t\t\t\t<a href='https:\/\/miriamalbasini.es\/blog\/wp-content\/uploads\/foto432.jpg' rel=\"lightbox[1572]\"><img loading=\"lazy\" decoding=\"async\" width=\"300\" height=\"300\" src=\"https:\/\/miriamalbasini.es\/blog\/wp-content\/uploads\/foto432-300x300.jpg\" class=\"attachment-thumbnail size-thumbnail\" alt=\"\" srcset=\"https:\/\/miriamalbasini.es\/blog\/wp-content\/uploads\/foto432-300x300.jpg 300w, https:\/\/miriamalbasini.es\/blog\/wp-content\/uploads\/foto432-400x400.jpg 400w, https:\/\/miriamalbasini.es\/blog\/wp-content\/uploads\/foto432-100x100.jpg 100w, https:\/\/miriamalbasini.es\/blog\/wp-content\/uploads\/foto432-150x150.jpg 150w, https:\/\/miriamalbasini.es\/blog\/wp-content\/uploads\/foto432.jpg 600w\" sizes=\"auto, (max-width: 300px) 100vw, 300px\" \/><\/a>\n\t\t\t<\/div><\/figure><figure class='gallery-item'>\n\t\t\t<div class='gallery-icon landscape'>\n\t\t\t\t<a href='https:\/\/miriamalbasini.es\/blog\/wp-content\/uploads\/foto515.jpg' rel=\"lightbox[1572]\"><img loading=\"lazy\" decoding=\"async\" width=\"300\" height=\"300\" src=\"https:\/\/miriamalbasini.es\/blog\/wp-content\/uploads\/foto515-300x300.jpg\" class=\"attachment-thumbnail size-thumbnail\" alt=\"\" srcset=\"https:\/\/miriamalbasini.es\/blog\/wp-content\/uploads\/foto515-300x300.jpg 300w, https:\/\/miriamalbasini.es\/blog\/wp-content\/uploads\/foto515-400x400.jpg 400w, https:\/\/miriamalbasini.es\/blog\/wp-content\/uploads\/foto515-100x100.jpg 100w, https:\/\/miriamalbasini.es\/blog\/wp-content\/uploads\/foto515-150x150.jpg 150w, https:\/\/miriamalbasini.es\/blog\/wp-content\/uploads\/foto515.jpg 600w\" sizes=\"auto, (max-width: 300px) 100vw, 300px\" \/><\/a>\n\t\t\t<\/div><\/figure>\n\t\t<\/div>\n<\/p>\n","protected":false},"excerpt":{"rendered":"<p>Un regalo original. Me lo encarg\u00f3 pap\u00e1 para mam\u00e1. Las figuras personalizadas de sus dos peque\u00f1os, de 1 y 4 a\u00f1os.<\/p>\n","protected":false},"author":2,"featured_media":0,"comment_status":"closed","ping_status":"closed","sticky":false,"template":"","format":"standard","meta":{"jetpack_post_was_ever_published":false,"_jetpack_newsletter_access":"","_jetpack_dont_email_post_to_subs":false,"_jetpack_newsletter_tier_id":0,"_jetpack_memberships_contains_paywalled_content":false,"_jetpack_memberships_contains_paid_content":false,"footnotes":"","jetpack_publicize_message":"","jetpack_publicize_feature_enabled":true,"jetpack_social_post_already_shared":true,"jetpack_social_options":{"image_generator_settings":{"template":"highway","enabled":false},"version":2}},"categories":[21,4,113,26],"tags":[430,292,65,429],"class_list":["post-1572","post","type-post","status-publish","format-standard","hentry","category-aniversarios","category-figuras-personalizadas","category-grupo-familiar","category-regalo","tag-arcilla-polimerica","tag-dia-de-la-madre","tag-munecos-personalizados","tag-plastilina"],"jetpack_publicize_connections":[],"jetpack_featured_media_url":"","jetpack_shortlink":"https:\/\/wp.me\/p14Kb8-pm","jetpack_sharing_enabled":true,"_links":{"self":[{"href":"https:\/\/miriamalbasini.es\/blog\/wp-json\/wp\/v2\/posts\/1572","targetHints":{"allow":["GET"]}}],"collection":[{"href":"https:\/\/miriamalbasini.es\/blog\/wp-json\/wp\/v2\/posts"}],"about":[{"href":"https:\/\/miriamalbasini.es\/blog\/wp-json\/wp\/v2\/types\/post"}],"author":[{"embeddable":true,"href":"https:\/\/miriamalbasini.es\/blog\/wp-json\/wp\/v2\/users\/2"}],"replies":[{"embeddable":true,"href":"https:\/\/miriamalbasini.es\/blog\/wp-json\/wp\/v2\/comments?post=1572"}],"version-history":[{"count":1,"href":"https:\/\/miriamalbasini.es\/blog\/wp-json\/wp\/v2\/posts\/1572\/revisions"}],"predecessor-version":[{"id":1578,"href":"https:\/\/miriamalbasini.es\/blog\/wp-json\/wp\/v2\/posts\/1572\/revisions\/1578"}],"wp:attachment":[{"href":"https:\/\/miriamalbasini.es\/blog\/wp-json\/wp\/v2\/media?parent=1572"}],"wp:term":[{"taxonomy":"category","embeddable":true,"href":"https:\/\/miriamalbasini.es\/blog\/wp-json\/wp\/v2\/categories?post=1572"},{"taxonomy":"post_tag","embeddable":true,"href":"https:\/\/miriamalbasini.es\/blog\/wp-json\/wp\/v2\/tags?post=1572"}],"curies":[{"name":"wp","href":"https:\/\/api.w.org\/{rel}","templated":true}]}}