{"id":1443,"date":"2013-04-08T13:25:41","date_gmt":"2013-04-08T11:25:41","guid":{"rendered":"http:\/\/miriamalbasini.es\/blog\/?p=1443"},"modified":"2022-10-11T11:41:38","modified_gmt":"2022-10-11T09:41:38","slug":"comunion-de-gabri-y-viole","status":"publish","type":"post","link":"https:\/\/miriamalbasini.es\/blog\/comunion-de-gabri-y-viole\/","title":{"rendered":"Comuni\u00f3n de Gabri y Viole"},"content":{"rendered":"<div id='gallery-1' class='gallery galleryid-1443 gallery-columns-3 gallery-size-thumbnail'><figure class='gallery-item'>\n\t\t\t<div class='gallery-icon landscape'>\n\t\t\t\t<a href='https:\/\/miriamalbasini.es\/blog\/wp-content\/uploads\/foto425.jpg' rel=\"lightbox[1443]\"><img loading=\"lazy\" decoding=\"async\" width=\"300\" height=\"300\" src=\"https:\/\/miriamalbasini.es\/blog\/wp-content\/uploads\/foto425-300x300.jpg\" class=\"attachment-thumbnail size-thumbnail\" alt=\"\" srcset=\"https:\/\/miriamalbasini.es\/blog\/wp-content\/uploads\/foto425-300x300.jpg 300w, https:\/\/miriamalbasini.es\/blog\/wp-content\/uploads\/foto425-400x400.jpg 400w, https:\/\/miriamalbasini.es\/blog\/wp-content\/uploads\/foto425-100x100.jpg 100w, https:\/\/miriamalbasini.es\/blog\/wp-content\/uploads\/foto425-150x150.jpg 150w, https:\/\/miriamalbasini.es\/blog\/wp-content\/uploads\/foto425.jpg 600w\" sizes=\"auto, (max-width: 300px) 100vw, 300px\" \/><\/a>\n\t\t\t<\/div><\/figure><figure class='gallery-item'>\n\t\t\t<div class='gallery-icon landscape'>\n\t\t\t\t<a href='https:\/\/miriamalbasini.es\/blog\/wp-content\/uploads\/foto335.jpg' rel=\"lightbox[1443]\"><img loading=\"lazy\" decoding=\"async\" width=\"300\" height=\"300\" src=\"https:\/\/miriamalbasini.es\/blog\/wp-content\/uploads\/foto335-300x300.jpg\" class=\"attachment-thumbnail size-thumbnail\" alt=\"\" srcset=\"https:\/\/miriamalbasini.es\/blog\/wp-content\/uploads\/foto335-300x300.jpg 300w, https:\/\/miriamalbasini.es\/blog\/wp-content\/uploads\/foto335-400x400.jpg 400w, https:\/\/miriamalbasini.es\/blog\/wp-content\/uploads\/foto335-100x100.jpg 100w, https:\/\/miriamalbasini.es\/blog\/wp-content\/uploads\/foto335-150x150.jpg 150w, https:\/\/miriamalbasini.es\/blog\/wp-content\/uploads\/foto335.jpg 600w\" sizes=\"auto, (max-width: 300px) 100vw, 300px\" \/><\/a>\n\t\t\t<\/div><\/figure><figure class='gallery-item'>\n\t\t\t<div class='gallery-icon landscape'>\n\t\t\t\t<a href='https:\/\/miriamalbasini.es\/blog\/wp-content\/uploads\/foto239.jpg' rel=\"lightbox[1443]\"><img loading=\"lazy\" decoding=\"async\" width=\"300\" height=\"300\" src=\"https:\/\/miriamalbasini.es\/blog\/wp-content\/uploads\/foto239-300x300.jpg\" class=\"attachment-thumbnail size-thumbnail\" alt=\"\" srcset=\"https:\/\/miriamalbasini.es\/blog\/wp-content\/uploads\/foto239-300x300.jpg 300w, https:\/\/miriamalbasini.es\/blog\/wp-content\/uploads\/foto239-400x400.jpg 400w, https:\/\/miriamalbasini.es\/blog\/wp-content\/uploads\/foto239-100x100.jpg 100w, https:\/\/miriamalbasini.es\/blog\/wp-content\/uploads\/foto239-150x150.jpg 150w, https:\/\/miriamalbasini.es\/blog\/wp-content\/uploads\/foto239.jpg 600w\" sizes=\"auto, (max-width: 300px) 100vw, 300px\" \/><\/a>\n\t\t\t<\/div><\/figure><figure class='gallery-item'>\n\t\t\t<div class='gallery-icon landscape'>\n\t\t\t\t<a href='https:\/\/miriamalbasini.es\/blog\/wp-content\/uploads\/foto139.jpg' rel=\"lightbox[1443]\"><img loading=\"lazy\" decoding=\"async\" width=\"300\" height=\"300\" src=\"https:\/\/miriamalbasini.es\/blog\/wp-content\/uploads\/foto139-300x300.jpg\" class=\"attachment-thumbnail size-thumbnail\" alt=\"\" srcset=\"https:\/\/miriamalbasini.es\/blog\/wp-content\/uploads\/foto139-300x300.jpg 300w, https:\/\/miriamalbasini.es\/blog\/wp-content\/uploads\/foto139-400x400.jpg 400w, https:\/\/miriamalbasini.es\/blog\/wp-content\/uploads\/foto139-100x100.jpg 100w, https:\/\/miriamalbasini.es\/blog\/wp-content\/uploads\/foto139-150x150.jpg 150w, https:\/\/miriamalbasini.es\/blog\/wp-content\/uploads\/foto139.jpg 600w\" sizes=\"auto, (max-width: 300px) 100vw, 300px\" \/><\/a>\n\t\t\t<\/div><\/figure>\n\t\t<\/div>\n\n<p>Este trabajo me hizo mucha ilusi\u00f3n, son mis sobrinos y las figuras personalizadas fueron mi regalo. Lo mejor es que la ni\u00f1a hizo la comuni\u00f3n con el que fue mi vestido hace 30 a\u00f1os. Me encanta haber tenido que copiar mi propio vestido.<\/p>\n","protected":false},"excerpt":{"rendered":"<p>Este trabajo me hizo mucha ilusi\u00f3n, son mis sobrinos y las figuras personalizadas fueron mi regalo. Lo mejor es que la ni\u00f1a hizo la comuni\u00f3n con el que fue mi vestido hace 30 a\u00f1os. Me encanta haber tenido que copiar mi propio vestido.<\/p>\n","protected":false},"author":2,"featured_media":0,"comment_status":"closed","ping_status":"closed","sticky":false,"template":"","format":"standard","meta":{"jetpack_post_was_ever_published":false,"_jetpack_newsletter_access":"","_jetpack_dont_email_post_to_subs":false,"_jetpack_newsletter_tier_id":0,"_jetpack_memberships_contains_paywalled_content":false,"_jetpack_memberships_contains_paid_content":false,"footnotes":"","jetpack_publicize_message":"","jetpack_publicize_feature_enabled":true,"jetpack_social_post_already_shared":false,"jetpack_social_options":{"image_generator_settings":{"template":"highway","enabled":false},"version":2}},"categories":[21,38,6,4,113,29,26],"tags":[103,134,102,266],"class_list":["post-1443","post","type-post","status-publish","format-standard","hentry","category-aniversarios","category-arcilla-polimerica","category-comuniones","category-figuras-personalizadas","category-grupo-familiar","category-plastilina","category-regalo","tag-comunion","tag-figuras-personalizadas-2","tag-ninos","tag-vestido"],"jetpack_publicize_connections":[],"jetpack_featured_media_url":"","jetpack_shortlink":"https:\/\/wp.me\/p14Kb8-nh","jetpack_sharing_enabled":true,"_links":{"self":[{"href":"https:\/\/miriamalbasini.es\/blog\/wp-json\/wp\/v2\/posts\/1443","targetHints":{"allow":["GET"]}}],"collection":[{"href":"https:\/\/miriamalbasini.es\/blog\/wp-json\/wp\/v2\/posts"}],"about":[{"href":"https:\/\/miriamalbasini.es\/blog\/wp-json\/wp\/v2\/types\/post"}],"author":[{"embeddable":true,"href":"https:\/\/miriamalbasini.es\/blog\/wp-json\/wp\/v2\/users\/2"}],"replies":[{"embeddable":true,"href":"https:\/\/miriamalbasini.es\/blog\/wp-json\/wp\/v2\/comments?post=1443"}],"version-history":[{"count":4,"href":"https:\/\/miriamalbasini.es\/blog\/wp-json\/wp\/v2\/posts\/1443\/revisions"}],"predecessor-version":[{"id":2675,"href":"https:\/\/miriamalbasini.es\/blog\/wp-json\/wp\/v2\/posts\/1443\/revisions\/2675"}],"wp:attachment":[{"href":"https:\/\/miriamalbasini.es\/blog\/wp-json\/wp\/v2\/media?parent=1443"}],"wp:term":[{"taxonomy":"category","embeddable":true,"href":"https:\/\/miriamalbasini.es\/blog\/wp-json\/wp\/v2\/categories?post=1443"},{"taxonomy":"post_tag","embeddable":true,"href":"https:\/\/miriamalbasini.es\/blog\/wp-json\/wp\/v2\/tags?post=1443"}],"curies":[{"name":"wp","href":"https:\/\/api.w.org\/{rel}","templated":true}]}}